{"id":2476,"date":"2025-12-22T16:12:43","date_gmt":"2025-12-22T15:12:43","guid":{"rendered":"https:\/\/www.cifpn1.com\/fol\/?p=2476"},"modified":"2026-04-14T20:04:42","modified_gmt":"2026-04-14T18:04:42","slug":"visita-anaena-del-alumnado-de-mantenimiento-aeromecanico","status":"publish","type":"post","link":"https:\/\/www.cifpn1.com\/fol\/?p=2476","title":{"rendered":"Visita del alumnado de Mantenimiento Aeromec\u00e1nico a AENA en el Seve Ballesteros"},"content":{"rendered":"<div style=\"text-align: justify;\">El pasado jueves 4 de diciembre, en el marco del m\u00f3dulo de <strong>Factores Humanos<\/strong>, el alumnado del ciclo formativo de <strong>Grado Superior de Mantenimiento Aeromec\u00e1nico de Helic\u00f3pteros con Motor de Turbina<\/strong> realiz\u00f3 una visita formativa a las instalaciones de AENA en el Aeropuerto Seve Ballesteros de Santander.<\/div>\n<div style=\"text-align: justify;\">&nbsp;<\/div>\n<div style=\"text-align: justify;\">La actividad permiti\u00f3 acercar al alumnado a un entorno real de trabajo donde la seguridad, la coordinaci\u00f3n y la prevenci\u00f3n de riesgos laborales son elementos esenciales en el d\u00eda a d\u00eda.<\/div>\n<div>&nbsp;<\/div>\n<div><strong>Aprendizaje en un entorno profesional real.<\/strong><\/div>\n<div>&nbsp;<\/div>\n<div style=\"text-align: justify;\">Durante la visita, el alumnado pudo observar sobre el terreno diferentes procesos relacionados con la prevenci\u00f3n de riesgos laborales en operaciones de mantenimiento propias del sector aeron\u00e1utico. La experiencia les permiti\u00f3 comprender c\u00f3mo se aplican en la pr\u00e1ctica los protocolos de seguridad que trabajan en el aula.<\/div>\n<div style=\"text-align: justify;\">&nbsp;<\/div>\n<div style=\"text-align: justify;\">Uno de los momentos m\u00e1s destacados fue la realizaci\u00f3n de un simulacro de intervenci\u00f3n ante un error en la central el\u00e9ctrica del aeropuerto, considerada el \u00abcoraz\u00f3n\u00bb de las instalaciones. Esta actividad les permiti\u00f3 conocer c\u00f3mo se activan los protocolos de emergencia, la coordinaci\u00f3n entre equipos y la importancia de una respuesta r\u00e1pida y organizada ante situaciones cr\u00edticas.<\/div>\n<div style=\"text-align: justify;\">&nbsp;<\/div>\n<div style=\"text-align: justify;\">As\u00ed mismo, pudieron conocer en detalle el plan de evacuaci\u00f3n y emergencias del aeropuerto, explicado por los profesionales responsables de su aplicaci\u00f3n, entre ellos el equipo de bomberos presentes en las instalaciones.<\/div>\n<div>&nbsp;<\/div>\n<div><img loading=\"lazy\" decoding=\"async\" class=\"size-medium wp-image-2516 aligncenter\" src=\"https:\/\/www.cifpn1.com\/fol\/wp-content\/uploads\/2025\/12\/1-FOTO-VISITA-AENA-656x492.jpg\" alt=\"\" width=\"656\" height=\"492\" srcset=\"https:\/\/www.cifpn1.com\/fol\/wp-content\/uploads\/2025\/12\/1-FOTO-VISITA-AENA-656x492.jpg 656w, https:\/\/www.cifpn1.com\/fol\/wp-content\/uploads\/2025\/12\/1-FOTO-VISITA-AENA-768x576.jpg 768w, https:\/\/www.cifpn1.com\/fol\/wp-content\/uploads\/2025\/12\/1-FOTO-VISITA-AENA-1536x1152.jpg 1536w, https:\/\/www.cifpn1.com\/fol\/wp-content\/uploads\/2025\/12\/1-FOTO-VISITA-AENA.jpg 1600w\" sizes=\"auto, (max-width: 656px) 100vw, 656px\" \/><\/div>\n<div>&nbsp;<\/div>\n<div>&nbsp;<\/div>\n<div>&nbsp;<\/div>\n<div><strong>Visita al hangar del 112<\/strong><\/div>\n<div>&nbsp;<\/div>\n<div style=\"text-align: justify;\">La jornada concluy\u00f3 con la visita al hangar donde operan los helic\u00f3pteros del 112, una oportunidad excepcional para conocer de cerca las exigencias t\u00e9cnicas, operativas y de mantenimiento que requiere este tipo de aeronaves destinadas a emergencias.<\/div>\n<div style=\"text-align: justify;\">&nbsp;<\/div>\n<div style=\"text-align: justify;\">Para el alumnado, esta experiencia supuso un contacto directo con la realidad profesional del sector, reforzando los contenidos trabajados en el ciclo formativo y permiti\u00e9ndoles visualizar su futuro entorno laboral.<\/div>\n<div style=\"text-align: justify;\">&nbsp;<\/div>\n<div style=\"text-align: justify;\">Este tipo de actividades complementarias permiten consolidar competencias clave, conectar la formaci\u00f3n con el entorno productivo real y motivar al alumnado a seguir avanzando a su preparaci\u00f3n profesional.<\/div>\n<div>&nbsp;<\/div>\n<div>&nbsp;<\/div>\n","protected":false},"excerpt":{"rendered":"<p>El pasado jueves 4 de diciembre, en el marco del m\u00f3dulo de Factores Humanos, el alumnado del ciclo formativo de Grado Superior de Mantenimiento Aeromec\u00e1nico de Helic\u00f3pteros con Motor de Turbina realiz\u00f3 una visita formativa a las instalaciones de AENA &hellip; <a href=\"https:\/\/www.cifpn1.com\/fol\/?p=2476\">Contin\u00faa leyendo <span class=\"meta-nav\">&rarr;<\/span><\/a><\/p>\n","protected":false},"author":9,"featured_media":0,"comment_status":"closed","ping_status":"closed","sticky":false,"template":"","format":"standard","meta":{"ngg_post_thumbnail":0,"footnotes":""},"categories":[9],"tags":[],"class_list":["post-2476","post","type-post","status-publish","format-standard","hentry","category-fol"],"_links":{"self":[{"href":"https:\/\/www.cifpn1.com\/fol\/index.php?rest_route=\/wp\/v2\/posts\/2476","targetHints":{"allow":["GET"]}}],"collection":[{"href":"https:\/\/www.cifpn1.com\/fol\/index.php?rest_route=\/wp\/v2\/posts"}],"about":[{"href":"https:\/\/www.cifpn1.com\/fol\/index.php?rest_route=\/wp\/v2\/types\/post"}],"author":[{"embeddable":true,"href":"https:\/\/www.cifpn1.com\/fol\/index.php?rest_route=\/wp\/v2\/users\/9"}],"replies":[{"embeddable":true,"href":"https:\/\/www.cifpn1.com\/fol\/index.php?rest_route=%2Fwp%2Fv2%2Fcomments&post=2476"}],"version-history":[{"count":4,"href":"https:\/\/www.cifpn1.com\/fol\/index.php?rest_route=\/wp\/v2\/posts\/2476\/revisions"}],"predecessor-version":[{"id":2517,"href":"https:\/\/www.cifpn1.com\/fol\/index.php?rest_route=\/wp\/v2\/posts\/2476\/revisions\/2517"}],"wp:attachment":[{"href":"https:\/\/www.cifpn1.com\/fol\/index.php?rest_route=%2Fwp%2Fv2%2Fmedia&parent=2476"}],"wp:term":[{"taxonomy":"category","embeddable":true,"href":"https:\/\/www.cifpn1.com\/fol\/index.php?rest_route=%2Fwp%2Fv2%2Fcategories&post=2476"},{"taxonomy":"post_tag","embeddable":true,"href":"https:\/\/www.cifpn1.com\/fol\/index.php?rest_route=%2Fwp%2Fv2%2Ftags&post=2476"}],"curies":[{"name":"wp","href":"https:\/\/api.w.org\/{rel}","templated":true}]}}