{"id":2453,"date":"2026-02-03T12:03:49","date_gmt":"2026-02-03T11:03:49","guid":{"rendered":"https:\/\/www.cifpn1.com\/fol\/?p=2453"},"modified":"2026-02-22T13:19:00","modified_gmt":"2026-02-22T12:19:00","slug":"el-alumnado-de-sjm2-y-sei1-participa-en-un-taller-de-emprendimiento-con-ejecant","status":"publish","type":"post","link":"https:\/\/www.cifpn1.com\/fol\/?p=2453","title":{"rendered":"El alumnado de SJM2 y SEI1 participa en un taller de emprendimiento con  EJECANT"},"content":{"rendered":"<p style=\"text-align: justify;\">El pasado 26 de enero, el alumnado de SJM2 y SEI1 particip\u00f3 en el aula de emprendimiento de nuestro centro en un interesante taller impartido por EJECANT, dentro de las actividades programadas por el Departamento de Formaci\u00f3n y Orientaci\u00f3n Laboral para el curso 2025\/2026. Esta actividad se enmarca en el Eje II: Sensibilizaci\u00f3n vinculada al conocimiento de iniciativas de econom\u00eda social y medioambiental en Cantabria, cuyo objetivo estrat\u00e9gico es fomentar el esp\u00edritu emprendedor y motivar la creaci\u00f3n de empresas sostenibles entre nuestro alumnado.<\/p>\n<p style=\"text-align: justify;\">\nDurante la sesi\u00f3n, se presentaron diversas iniciativas reales de econom\u00eda social y medioambiental desarrolladas en nuestra comunidad aut\u00f3noma, acercando al alumnado a modelos empresariales responsables, innovadores y comprometidos con el entorno.<\/p>\n<p style=\"text-align: justify;\">\nEntre las experiencias compartidas, queremos destacar especialmente:<br \/>\n\uf0b7 <strong>Lalleldiria<\/strong><br \/>\n<strong>\uf0b7 Carb\u00f3n Emergente<\/strong><\/p>\n<p style=\"text-align: justify;\">\nAmbos proyectos constituyen ejemplos inspiradores de c\u00f3mo es posible generar impacto social y medioambiental positivo a trav\u00e9s del emprendimiento.<\/p>\n<p><img loading=\"lazy\" decoding=\"async\" class=\"wp-image-2454 aligncenter\" src=\"https:\/\/www.cifpn1.com\/fol\/wp-content\/uploads\/2026\/02\/PHOTO-2026-01-27-13-39-15-1-656x525.jpg\" alt=\"\" width=\"509\" height=\"407\" srcset=\"https:\/\/www.cifpn1.com\/fol\/wp-content\/uploads\/2026\/02\/PHOTO-2026-01-27-13-39-15-1-656x525.jpg 656w, https:\/\/www.cifpn1.com\/fol\/wp-content\/uploads\/2026\/02\/PHOTO-2026-01-27-13-39-15-1-768x615.jpg 768w, https:\/\/www.cifpn1.com\/fol\/wp-content\/uploads\/2026\/02\/PHOTO-2026-01-27-13-39-15-1.jpg 1189w\" sizes=\"auto, (max-width: 509px) 100vw, 509px\" \/><\/p>\n<p style=\"text-align: justify;\">El taller concluy\u00f3 con una din\u00e1mica pr\u00e1ctica en la que el alumnado present\u00f3 sus propias ideas mediante un <strong>elevator pitch<\/strong>, exponiendo propuestas de proyectos vinculados a la econom\u00eda social y la sostenibilidad. Esta actividad permiti\u00f3 trabajar competencias clave como la comunicaci\u00f3n, la creatividad, el trabajo en equipo y la iniciativa emprendedora.<\/p>\n<p><img loading=\"lazy\" decoding=\"async\" class=\"wp-image-2455 aligncenter\" src=\"https:\/\/www.cifpn1.com\/fol\/wp-content\/uploads\/2026\/02\/PHOTO-2026-01-27-13-39-13-656x524.jpg\" alt=\"\" width=\"505\" height=\"403\" srcset=\"https:\/\/www.cifpn1.com\/fol\/wp-content\/uploads\/2026\/02\/PHOTO-2026-01-27-13-39-13-656x524.jpg 656w, https:\/\/www.cifpn1.com\/fol\/wp-content\/uploads\/2026\/02\/PHOTO-2026-01-27-13-39-13-768x614.jpg 768w, https:\/\/www.cifpn1.com\/fol\/wp-content\/uploads\/2026\/02\/PHOTO-2026-01-27-13-39-13.jpg 1036w\" sizes=\"auto, (max-width: 505px) 100vw, 505px\" \/><\/p>\n<p style=\"text-align: justify;\">\nDesde el Centro Integrado de Formaci\u00f3n Profesional N\u00ba 1 de Santander seguimos apostando por una formaci\u00f3n conectada con la realidad social y empresarial de Cantabria, impulsando valores de sostenibilidad, responsabilidad y emprendimiento entre nuestro alumnado.<\/p>\n<p><img loading=\"lazy\" decoding=\"async\" class=\"wp-image-2456 aligncenter\" src=\"https:\/\/www.cifpn1.com\/fol\/wp-content\/uploads\/2026\/02\/PHOTO-2026-01-27-13-39-15-656x525.jpg\" alt=\"\" width=\"486\" height=\"389\" srcset=\"https:\/\/www.cifpn1.com\/fol\/wp-content\/uploads\/2026\/02\/PHOTO-2026-01-27-13-39-15-656x525.jpg 656w, https:\/\/www.cifpn1.com\/fol\/wp-content\/uploads\/2026\/02\/PHOTO-2026-01-27-13-39-15-768x614.jpg 768w, https:\/\/www.cifpn1.com\/fol\/wp-content\/uploads\/2026\/02\/PHOTO-2026-01-27-13-39-15.jpg 1200w\" sizes=\"auto, (max-width: 486px) 100vw, 486px\" \/><\/p>\n","protected":false},"excerpt":{"rendered":"<p>El pasado 26 de enero, el alumnado de SJM2 y SEI1 particip\u00f3 en el aula de emprendimiento de nuestro centro en un interesante taller impartido por EJECANT, dentro de las actividades programadas por el Departamento de Formaci\u00f3n y Orientaci\u00f3n Laboral &hellip; <a href=\"https:\/\/www.cifpn1.com\/fol\/?p=2453\">Contin\u00faa leyendo <span class=\"meta-nav\">&rarr;<\/span><\/a><\/p>\n","protected":false},"author":9,"featured_media":0,"comment_status":"closed","ping_status":"closed","sticky":false,"template":"","format":"standard","meta":{"ngg_post_thumbnail":0,"footnotes":""},"categories":[9],"tags":[],"class_list":["post-2453","post","type-post","status-publish","format-standard","hentry","category-fol"],"_links":{"self":[{"href":"https:\/\/www.cifpn1.com\/fol\/index.php?rest_route=\/wp\/v2\/posts\/2453","targetHints":{"allow":["GET"]}}],"collection":[{"href":"https:\/\/www.cifpn1.com\/fol\/index.php?rest_route=\/wp\/v2\/posts"}],"about":[{"href":"https:\/\/www.cifpn1.com\/fol\/index.php?rest_route=\/wp\/v2\/types\/post"}],"author":[{"embeddable":true,"href":"https:\/\/www.cifpn1.com\/fol\/index.php?rest_route=\/wp\/v2\/users\/9"}],"replies":[{"embeddable":true,"href":"https:\/\/www.cifpn1.com\/fol\/index.php?rest_route=%2Fwp%2Fv2%2Fcomments&post=2453"}],"version-history":[{"count":1,"href":"https:\/\/www.cifpn1.com\/fol\/index.php?rest_route=\/wp\/v2\/posts\/2453\/revisions"}],"predecessor-version":[{"id":2457,"href":"https:\/\/www.cifpn1.com\/fol\/index.php?rest_route=\/wp\/v2\/posts\/2453\/revisions\/2457"}],"wp:attachment":[{"href":"https:\/\/www.cifpn1.com\/fol\/index.php?rest_route=%2Fwp%2Fv2%2Fmedia&parent=2453"}],"wp:term":[{"taxonomy":"category","embeddable":true,"href":"https:\/\/www.cifpn1.com\/fol\/index.php?rest_route=%2Fwp%2Fv2%2Fcategories&post=2453"},{"taxonomy":"post_tag","embeddable":true,"href":"https:\/\/www.cifpn1.com\/fol\/index.php?rest_route=%2Fwp%2Fv2%2Ftags&post=2453"}],"curies":[{"name":"wp","href":"https:\/\/api.w.org\/{rel}","templated":true}]}}