{"id":1124,"date":"2020-06-14T21:20:46","date_gmt":"2020-06-14T19:20:46","guid":{"rendered":"http:\/\/www.cifpn1.com\/fmecanica\/?p=1124"},"modified":"2020-12-27T16:52:00","modified_gmt":"2020-12-27T15:52:00","slug":"los-estudios-de-fp-con-mas-salidas-profesionales","status":"publish","type":"post","link":"https:\/\/www.cifpn1.com\/fmecanica\/?p=1124","title":{"rendered":"Los estudios de F.P. con m\u00e1s salidas profesionales"},"content":{"rendered":"<p style=\"text-align: center;\"><img style=\"height: 358px; width: 655px;\" src=\"https:\/\/eu.edcwb.com\/img\/news\/fabricacionmecanica.jpg\" alt=\"FP familia profesional de Fabricaci\u00f3n Mec\u00e1nica\" \/><\/p>\n<p style=\"text-align: justify;\"><span style=\"text-align: justify; color: #333333; font-family: 'Open Sans', sans-serif;\">Cada vez surgen m\u00e1s evidencias de que\u00a0<\/span><span style=\"text-align: justify; box-sizing: border-box; font-weight: 600; color: #333333; font-family: 'Open Sans', sans-serif;\">estudiar Formaci\u00f3n Profesional aporta mayores oportunidades laborales<\/span><span style=\"text-align: justify; color: #333333; font-family: 'Open Sans', sans-serif;\">\u00a0y menos desempleo. Y es que el paro de los titulados de ciclos formativos superiores se sit\u00faa en un 8,88 % y los de ciclos medios en un 8,13 %, muy lejos de la media de paro de los j\u00f3venes catalanes, que se sit\u00faa en el 30,4 %, seg\u00fan el reciente\u00a0<\/span><span style=\"text-align: justify; box-sizing: border-box; font-weight: 600; color: #333333; font-family: 'Open Sans', sans-serif;\">estudio\u00a0<em style=\"box-sizing: border-box;\">Inserci\u00f3 Laboral dels Ensenyaments Professionals 2019<\/em><\/span><span style=\"text-align: justify; color: #333333; font-family: 'Open Sans', sans-serif;\">.<\/span><\/p>\n<p style=\"text-align: justify;\"><span style=\"color: #333333; font-family: 'Open Sans', sans-serif;\">Elaborada conjuntamente por el Departament d&#8217;Educaci\u00f3 y el Consell General de Cambres de Catalunya, esta investigaci\u00f3n tambi\u00e9n indica que\u00a0<\/span><span style=\"box-sizing: border-box; font-weight: 600; color: #333333; font-family: 'Open Sans', sans-serif;\">la inserci\u00f3n laboral de los estudios de FP en Catalunya ha crecido en 14 de las 23 familias profesionales en el \u00faltimo a\u00f1o<\/span><span style=\"color: #333333; font-family: 'Open Sans', sans-serif;\">. Los incrementos m\u00e1s altos se presentan en ciclos formativos relacionados con la Qu\u00edmica (+3,79 %), la Sanidad (+3,76 %) y la Industria Alimentaria (+3,75 %).<\/span><\/p>\n<p style=\"text-align: justify;\"><span style=\"color: #333333; font-family: 'Open Sans', sans-serif;\">Por otra parte, un estudio reciente afirma que la FP brinda mejores perspectivas laborales a las personas que los estudios universitarios:\u00a0<\/span><span style=\"box-sizing: border-box; font-weight: 600; color: #333333; font-family: 'Open Sans', sans-serif;\">en 2018 el 42,4 % de los puestos de trabajo eran para t\u00e9cnicos de FP, frente al 38 % que solicitaban graduados universitarios<\/span><span style=\"color: #333333; font-family: 'Open Sans', sans-serif;\">, seg\u00fan el\u00a0<\/span><a style=\"box-sizing: border-box; color: #008dd4; text-decoration-line: none; font-family: 'Open Sans', sans-serif; font-size: 14px;\" href=\"https:\/\/www.educaweb.com\/noticia\/2019\/06\/04\/ofertas-trabajo-fp-superan-universidad-18827\/\">informe Infoempleo Adecco. Oferta y demanda de empleo en Espa\u00f1a<\/a><span style=\"color: #333333; font-family: 'Open Sans', sans-serif;\">\u00a0(2019). Esta investigaci\u00f3n tambi\u00e9n indica que en el pa\u00eds la tasa de paro de los titulados de FP, meses despu\u00e9s de acabar sus estudios, es del 15,6 %, frente al 30 % entre los universitarios.<\/span><\/p>\n<p style=\"text-align: justify;\"><span style=\"color: #333333; font-family: 'Open Sans', sans-serif;\">\u00abLa\u00a0<\/span><a style=\"box-sizing: border-box; color: #008dd4; text-decoration-line: none; font-family: 'Open Sans', sans-serif; font-size: 14px;\" href=\"https:\/\/www.educaweb.com\/formacion-profesional\/\"><span style=\"box-sizing: border-box; font-weight: 600; color: inherit !important;\">Formaci\u00f3n Profesional<\/span><\/a><span style=\"box-sizing: border-box; font-weight: 600; color: #333333; font-family: 'Open Sans', sans-serif;\">\u00a0es una herramienta de inserci\u00f3n laboral de primera magnitud<\/span><span style=\"color: #333333; font-family: 'Open Sans', sans-serif;\">. Tiene unos \u00edndices de inserci\u00f3n superiores a otros estudios, y unos \u00edndices de\u00a0<\/span><span style=\"box-sizing: border-box; font-weight: 600; color: #333333; font-family: 'Open Sans', sans-serif;\">calidad en cuanto al tipo de contrato y al tipo de sueldo<\/span><span style=\"color: #333333; font-family: 'Open Sans', sans-serif;\">; y a la vez sirven para disminuir la brecha salarial\u00bb, ha se\u00f1alado\u00a0<\/span><span style=\"box-sizing: border-box; font-weight: 600; color: #333333; font-family: 'Open Sans', sans-serif;\">Josep Bargall\u00f3<\/span><span style=\"color: #333333; font-family: 'Open Sans', sans-serif;\">, Conseller d&#8217;Educaci\u00f3 de la Generalitat, en la presentaci\u00f3n del informe\u00a0<\/span><em style=\"box-sizing: border-box; color: #333333; font-family: 'Open Sans', sans-serif; font-size: 14px;\">Inserci\u00f3 Laboral dels Ensenyaments Professionals 2019<\/em><span style=\"color: #333333; font-family: 'Open Sans', sans-serif;\">, realizada recientemente.<\/span><\/p>\n<p style=\"text-align: justify;\"><span style=\"color: #333333; font-family: 'Open Sans', sans-serif;\">Los resultados del mencionado estudio, basados en las respuestas de 32.759 encuestas a titulados de FP en Catalunya, revelan que las personas graduadas de\u00a0<\/span><span style=\"box-sizing: border-box; font-weight: 600; color: #333333; font-family: 'Open Sans', sans-serif;\">ciclos de Formaci\u00f3n Profesional relacionados con el \u00e1mbito industrial tienen mayor inserci\u00f3n laboral<\/span><span style=\"color: #333333; font-family: 'Open Sans', sans-serif;\">\u00a0y mejores sueldos que los t\u00e9cnicos de los otros ciclos.<\/span><\/p>\n<table class=\"tGrisos aligncenter\" style=\"border-spacing: 0px; border-collapse: collapse; border: 0px; color: #333333; font-family: 'Open Sans', sans-serif; font-size: 14px; height: 479px; width: 654px;\" border=\"1\" cellspacing=\"1\" cellpadding=\"1\" align=\"center\">\n<tbody style=\"box-sizing: border-box;\">\n<tr style=\"box-sizing: border-box;\">\n<th style=\"box-sizing: border-box; padding: 8px 5px; text-align: center; font-weight: normal; background-color: #008dd4; color: #ffffff; border: 3px solid #f1f1f1; vertical-align: middle; width: 150px;\">\n<p style=\"box-sizing: border-box; margin: 0px 0px 10px;\">\n<\/th>\n<th style=\"box-sizing: border-box; padding: 8px 5px; text-align: center; font-weight: normal; background-color: #008dd4; color: #ffffff; border: 3px solid #f1f1f1; vertical-align: middle; width: 600px;\"><span style=\"box-sizing: border-box; font-weight: 600; color: inherit !important;\">Familia profesional<\/span><\/th>\n<th style=\"box-sizing: border-box; padding: 8px 5px; text-align: center !important; font-weight: normal; background-color: #008dd4; color: #ffffff; border: 3px solid #f1f1f1; vertical-align: top; width: 400px;\">\n<p style=\"box-sizing: border-box; margin: 0px 0px 10px;\"><span style=\"box-sizing: border-box; font-weight: 600; color: inherit !important;\">% de inserci\u00f3n laboral<\/span><\/p>\n<\/th>\n<\/tr>\n<tr style=\"box-sizing: border-box;\">\n<td style=\"box-sizing: border-box; padding: 5px; border: 3px solid #f1f1f1; vertical-align: middle; background-color: #e2e2e2; text-align: center;\">\n<p style=\"box-sizing: border-box; margin: 0px 0px 10px;\">1<\/p>\n<\/td>\n<td style=\"box-sizing: border-box; padding: 5px; border: 3px solid #f1f1f1; vertical-align: middle; background-color: #d6e6ed; text-align: center;\"><a style=\"box-sizing: border-box; background-color: transparent; color: #008dd4; text-decoration-line: none;\" href=\"https:\/\/www.educaweb.com\/formacion-profesional-de\/industrias-extractivas\/\">Industrias Extractivas<\/a><\/td>\n<td style=\"box-sizing: border-box; padding: 5px; border: 3px solid #f1f1f1; vertical-align: top; background-color: #d6e6ed;\">\n<p style=\"box-sizing: border-box; margin: 0px 0px 10px; text-align: center;\">95,24 %<\/p>\n<\/td>\n<\/tr>\n<tr style=\"box-sizing: border-box;\">\n<td style=\"box-sizing: border-box; padding: 5px; border: 3px solid #f1f1f1; vertical-align: middle; background-color: #e2e2e2; text-align: center;\">\n<p style=\"box-sizing: border-box; margin: 0px 0px 10px;\">2<\/p>\n<\/td>\n<td style=\"box-sizing: border-box; padding: 5px; border: 3px solid #f1f1f1; vertical-align: middle; background-color: #d6e6ed; text-align: center;\"><a style=\"box-sizing: border-box; background-color: transparent; color: #008dd4; text-decoration-line: none;\" href=\"https:\/\/www.educaweb.com\/formacion-profesional\/mecanica-electricidad-electronica\/\">Fabricaci\u00f3n Mec\u00e1nica<\/a><\/td>\n<td style=\"box-sizing: border-box; padding: 5px; border: 3px solid #f1f1f1; vertical-align: top; background-color: #d6e6ed;\">\n<p style=\"box-sizing: border-box; margin: 0px 0px 10px; text-align: center;\">69,69 %<\/p>\n<\/td>\n<\/tr>\n<tr style=\"box-sizing: border-box;\">\n<td style=\"box-sizing: border-box; padding: 5px; border: 3px solid #f1f1f1; vertical-align: middle; background-color: #e2e2e2; text-align: center;\">\n<p style=\"box-sizing: border-box; margin: 0px 0px 10px;\">3<\/p>\n<\/td>\n<td style=\"box-sizing: border-box; padding: 5px; border: 3px solid #f1f1f1; vertical-align: middle; background-color: #d6e6ed; text-align: center;\"><a style=\"box-sizing: border-box; background-color: transparent; color: #008dd4; text-decoration-line: none;\" href=\"https:\/\/www.educaweb.com\/formacion-profesional-de\/energia-agua\/\">Energ\u00eda y Agua<\/a><\/td>\n<td style=\"box-sizing: border-box; padding: 5px; border: 3px solid #f1f1f1; vertical-align: top; background-color: #d6e6ed;\">\n<p style=\"box-sizing: border-box; margin: 0px 0px 10px; text-align: center;\">68,82 %<\/p>\n<\/td>\n<\/tr>\n<tr style=\"box-sizing: border-box;\">\n<td style=\"box-sizing: border-box; padding: 5px; border: 3px solid #f1f1f1; vertical-align: middle; background-color: #e2e2e2; text-align: center;\">\n<p style=\"box-sizing: border-box; margin: 0px 0px 10px;\">4<\/p>\n<\/td>\n<td style=\"box-sizing: border-box; padding: 5px; border: 3px solid #f1f1f1; vertical-align: middle; background-color: #d6e6ed; text-align: center;\"><a style=\"box-sizing: border-box; background-color: transparent; color: #008dd4; text-decoration-line: none;\" href=\"https:\/\/www.educaweb.com\/formacion-profesional\/quimica-industria-quimica\/\">Qu\u00edmica<\/a><\/td>\n<td style=\"box-sizing: border-box; padding: 5px; border: 3px solid #f1f1f1; vertical-align: top; background-color: #d6e6ed;\">\n<p style=\"box-sizing: border-box; margin: 0px 0px 10px; text-align: center;\">68,70 %<\/p>\n<\/td>\n<\/tr>\n<tr style=\"box-sizing: border-box;\">\n<td style=\"box-sizing: border-box; padding: 5px; border: 3px solid #f1f1f1; vertical-align: middle; background-color: #e2e2e2; text-align: center;\">\n<p style=\"box-sizing: border-box; margin: 0px 0px 10px;\">5<\/p>\n<\/td>\n<td style=\"box-sizing: border-box; padding: 5px; border: 3px solid #f1f1f1; vertical-align: middle; background-color: #d6e6ed; text-align: center;\"><a style=\"box-sizing: border-box; background-color: transparent; color: #008dd4; text-decoration-line: none;\" href=\"https:\/\/www.educaweb.com\/formacion-profesional\/mantenimiento-maquinaria-instalaciones-equipos-informaticos\/\">Instalaci\u00f3n y Mantenimiento<\/a><\/td>\n<td style=\"box-sizing: border-box; padding: 5px; border: 3px solid #f1f1f1; vertical-align: top; background-color: #d6e6ed;\">\n<p style=\"box-sizing: border-box; margin: 0px 0px 10px; text-align: center;\">67,91 %<\/p>\n<\/td>\n<\/tr>\n<tr style=\"box-sizing: border-box;\">\n<td style=\"box-sizing: border-box; padding: 5px; border: 3px solid #f1f1f1; vertical-align: middle; background-color: #e2e2e2; text-align: center;\">\n<p style=\"box-sizing: border-box; margin: 0px 0px 10px;\">6<\/p>\n<\/td>\n<td style=\"box-sizing: border-box; padding: 5px; border: 3px solid #f1f1f1; vertical-align: middle; background-color: #d6e6ed; text-align: center;\"><a style=\"box-sizing: border-box; background-color: transparent; color: #008dd4; text-decoration-line: none;\" href=\"https:\/\/www.educaweb.com\/formacion-profesional\/sanidad-salud\/\">Sanidad<\/a><\/td>\n<td style=\"box-sizing: border-box; padding: 5px; border: 3px solid #f1f1f1; vertical-align: top; background-color: #d6e6ed;\">\n<p style=\"box-sizing: border-box; margin: 0px 0px 10px; text-align: center;\">64,61 %<\/p>\n<\/td>\n<\/tr>\n<tr style=\"box-sizing: border-box;\">\n<td style=\"box-sizing: border-box; padding: 5px; border: 3px solid #f1f1f1; vertical-align: middle; background-color: #e2e2e2; text-align: center;\">\n<p style=\"box-sizing: border-box; margin: 0px 0px 10px;\">7<\/p>\n<\/td>\n<td style=\"box-sizing: border-box; padding: 5px; border: 3px solid #f1f1f1; vertical-align: middle; background-color: #d6e6ed; text-align: center;\"><a style=\"box-sizing: border-box; background-color: transparent; color: #008dd4; text-decoration-line: none;\" href=\"https:\/\/www.educaweb.com\/formacion-profesional\/\">Electricidad y Electr\u00f3nica<\/a><\/td>\n<td style=\"box-sizing: border-box; padding: 5px; border: 3px solid #f1f1f1; vertical-align: top; background-color: #d6e6ed;\">\n<p style=\"box-sizing: border-box; margin: 0px 0px 10px; text-align: center;\"><span style=\"box-sizing: border-box;\">62,87 %<\/span><\/p>\n<\/td>\n<\/tr>\n<tr style=\"box-sizing: border-box;\">\n<td style=\"box-sizing: border-box; padding: 5px; border: 3px solid #f1f1f1; vertical-align: middle; background-color: #e2e2e2; text-align: center;\">\n<p style=\"box-sizing: border-box; margin: 0px 0px 10px;\">8<\/p>\n<\/td>\n<td style=\"box-sizing: border-box; padding: 5px; border: 3px solid #f1f1f1; vertical-align: middle; background-color: #d6e6ed; text-align: center;\"><a style=\"box-sizing: border-box; background-color: transparent; color: #008dd4; text-decoration-line: none;\" href=\"https:\/\/www.educaweb.com\/formacion-profesional\/hosteleria-turismo-restauracion\/\">Hosteler\u00eda y Turismo<\/a><\/td>\n<td style=\"box-sizing: border-box; padding: 5px; border: 3px solid #f1f1f1; vertical-align: top; background-color: #d6e6ed;\">\n<p style=\"box-sizing: border-box; margin: 0px 0px 10px; text-align: center;\">61,10 %<\/p>\n<\/td>\n<\/tr>\n<tr style=\"box-sizing: border-box;\">\n<td style=\"box-sizing: border-box; padding: 5px; border: 3px solid #f1f1f1; vertical-align: middle; background-color: #e2e2e2; text-align: center;\">\n<p style=\"box-sizing: border-box; margin: 0px 0px 10px;\">9<\/p>\n<\/td>\n<td style=\"box-sizing: border-box; padding: 5px; border: 3px solid #f1f1f1; vertical-align: middle; background-color: #d6e6ed; text-align: center;\"><a style=\"box-sizing: border-box; background-color: transparent; color: #008dd4; text-decoration-line: none;\" href=\"https:\/\/www.educaweb.com\/formacion-profesional\/actividades-maritimo-pesqueras\/\">Mar\u00edtimo-Pesquera<\/a><\/td>\n<td style=\"box-sizing: border-box; padding: 5px; border: 3px solid #f1f1f1; vertical-align: top; background-color: #d6e6ed;\">\n<p style=\"box-sizing: border-box; margin: 0px 0px 10px; text-align: center;\">60 %<\/p>\n<\/td>\n<\/tr>\n<\/tbody>\n<\/table>\n<h4 style=\"text-align: left;\">Visto en:<\/h4>\n<ul>\n<li><a href=\"https:\/\/www.educaweb.com\/noticia\/2020\/01\/20\/estudios-fp-mas-salidas-profesionales-19051\/\">Educaweb.com<\/a><\/li>\n<\/ul>\n","protected":false},"excerpt":{"rendered":"<p>Cada vez surgen m\u00e1s evidencias de que\u00a0estudiar Formaci\u00f3n Profesional aporta mayores oportunidades laborales\u00a0y menos desempleo. Y es que el paro de los titulados de ciclos formativos superiores se sit\u00faa en un 8,88 % y los de ciclos medios en un &hellip; <a href=\"https:\/\/www.cifpn1.com\/fmecanica\/?p=1124\">Contin\u00faa leyendo <span class=\"meta-nav\">&rarr;<\/span><\/a><\/p>\n","protected":false},"author":2,"featured_media":0,"comment_status":"closed","ping_status":"closed","sticky":false,"template":"","format":"standard","meta":[],"categories":[1],"tags":[],"_links":{"self":[{"href":"https:\/\/www.cifpn1.com\/fmecanica\/index.php?rest_route=\/wp\/v2\/posts\/1124"}],"collection":[{"href":"https:\/\/www.cifpn1.com\/fmecanica\/index.php?rest_route=\/wp\/v2\/posts"}],"about":[{"href":"https:\/\/www.cifpn1.com\/fmecanica\/index.php?rest_route=\/wp\/v2\/types\/post"}],"author":[{"embeddable":true,"href":"https:\/\/www.cifpn1.com\/fmecanica\/index.php?rest_route=\/wp\/v2\/users\/2"}],"replies":[{"embeddable":true,"href":"https:\/\/www.cifpn1.com\/fmecanica\/index.php?rest_route=%2Fwp%2Fv2%2Fcomments&post=1124"}],"version-history":[{"count":10,"href":"https:\/\/www.cifpn1.com\/fmecanica\/index.php?rest_route=\/wp\/v2\/posts\/1124\/revisions"}],"predecessor-version":[{"id":1211,"href":"https:\/\/www.cifpn1.com\/fmecanica\/index.php?rest_route=\/wp\/v2\/posts\/1124\/revisions\/1211"}],"wp:attachment":[{"href":"https:\/\/www.cifpn1.com\/fmecanica\/index.php?rest_route=%2Fwp%2Fv2%2Fmedia&parent=1124"}],"wp:term":[{"taxonomy":"category","embeddable":true,"href":"https:\/\/www.cifpn1.com\/fmecanica\/index.php?rest_route=%2Fwp%2Fv2%2Fcategories&post=1124"},{"taxonomy":"post_tag","embeddable":true,"href":"https:\/\/www.cifpn1.com\/fmecanica\/index.php?rest_route=%2Fwp%2Fv2%2Ftags&post=1124"}],"curies":[{"name":"wp","href":"https:\/\/api.w.org\/{rel}","templated":true}]}}